{"id":2015,"date":"2017-06-30T10:41:24","date_gmt":"2017-06-30T08:41:24","guid":{"rendered":"http:\/\/mokkaspectrum.com\/?p=2015"},"modified":"2017-06-30T10:41:24","modified_gmt":"2017-06-30T08:41:24","slug":"back-to-the-roots-abenzeitung-page-7","status":"publish","type":"post","link":"https:\/\/jurus.net\/mokkaspectrum\/back-to-the-roots-abenzeitung-page-7\/","title":{"rendered":"Back to the Roots: Abendzeitung page 7"},"content":{"rendered":"<div class=\"brick\" data-b-title=\"STD-R16 B Artikel Text (Abs. 1)\" data-layout-desktop=\"w12-c1-txt-if12-ia8-\" data-layout-tablet=\"w12-c1-txt-if12-ia12-\" data-layout-mobile=\"w12-c1-txt-if12-ia12-\" data-brickid=\"c77db05a-544b-4205-979c-fdec2c91805b\" data-depth=\"1\"><\/div>\n<div class=\"brick\" data-float=\"yes\" data-b-title=\"STD-R16 B Artikel Text (Abs. 3)\" data-layout-desktop=\"w12-c1-txt-if12-ia8-\" data-layout-tablet=\"w12-c1-txt-if12-ia12-\" data-layout-mobile=\"w12-c1-txt-if12-ia12-\" data-brickid=\"d3027cf7-6ece-4a52-be1e-891429dc9b1b\" data-depth=\"1\">\n<div class=\"article-text\">\n<div class=\"item\">\n<div class=\"content\">\n<div class=\"brick\" data-b-title=\"STD-R16 B Artikel Text (Rest)\" data-layout-desktop=\"w12-c1-txt-if12-ia8-\" data-layout-tablet=\"w12-c1-txt-if12-ia12-\" data-layout-mobile=\"w12-c1-txt-if12-ia12-\" data-brickid=\"1c9634c1-9c8a-4a45-9b76-1ce03928c53e\" data-depth=\"1\">\n<div class=\"article-text\">\n<div class=\"item\">\n<div class=\"content\">\n<div class=\"brick\" data-b-title=\"STD-R16 B Artikel Headline\" data-layout-desktop=\"w12-c1-notxt-if12-ia12-\" data-layout-tablet=\"w12-c1-notxt-if12-ia12-\" data-layout-mobile=\"w12-c1-notxt-if12-ia12-\" data-brickid=\"98140eef-e6f6-45d7-9e39-b483a7f2de4d\" data-depth=\"0\">\n<div class=\"article-header\">\n<div class=\"item\">\n<div class=\"content\">\n<h2><\/h2>\n<h2><span class=\"article-kicker\"><img loading=\"lazy\" decoding=\"async\" class=\"size-medium wp-image-2019 alignnone\" src=\"http:\/\/mokkaspectrum.com\/wp-content\/uploads\/Abendzeitung-Munich-Logo.svg-300x75.png\" alt=\"\" width=\"300\" height=\"75\" srcset=\"https:\/\/jurus.net\/mokkaspectrum\/wp-content\/uploads\/Abendzeitung-Munich-Logo.svg-300x75.png 300w, https:\/\/jurus.net\/mokkaspectrum\/wp-content\/uploads\/Abendzeitung-Munich-Logo.svg-768x192.png 768w, https:\/\/jurus.net\/mokkaspectrum\/wp-content\/uploads\/Abendzeitung-Munich-Logo.svg.png 850w\" sizes=\"auto, (max-width: 300px) 100vw, 300px\" \/><\/span><\/h2>\n<h2><span class=\"article-kicker\">Erste Wild-Card-Gewinnerin<\/span> <span class=\"article-headline\">Video: Back to the roots mit Marcia (25)<\/span><\/h2>\n<div class=\"article-details\">Gabriel Flister,\u00a0 25.06.2017 &#8211; 16:16 Uhr<\/div>\n<div><\/div>\n<\/div>\n<\/div>\n<\/div>\n<\/div>\n<\/div>\n<\/div>\n<\/div>\n<\/div>\n<div class=\"brick\" data-b-title=\"STD-R16 B Artikel Text (Rest)\" data-layout-desktop=\"w12-c1-txt-if12-ia8-\" data-layout-tablet=\"w12-c1-txt-if12-ia12-\" data-layout-mobile=\"w12-c1-txt-if12-ia12-\" data-brickid=\"1c9634c1-9c8a-4a45-9b76-1ce03928c53e\" data-depth=\"1\">\n<div class=\"article-text\">\n<div class=\"item\">\n<div class=\"content\">\n<div id=\"left-column\" class=\"brickgroup\" data-renderer=\"_dynamic\" data-layout-desktop=\"w8-\" data-layout-tablet=\"w12-\" data-layout-mobile=\"w12-\" data-brickid=\"d09bc9b2-1d28-4a85-b1a5-cf7d5fcce78d\" data-depth=\"1\">\n<div class=\"brick\" data-b-title=\"STD-R16 B Artikel Text (Abs. 1)\" data-layout-desktop=\"w12-c1-txt-if12-ia8-\" data-layout-tablet=\"w12-c1-txt-if12-ia12-\" data-layout-mobile=\"w12-c1-txt-if12-ia12-\" data-brickid=\"c77db05a-544b-4205-979c-fdec2c91805b\" data-depth=\"1\">\n<div class=\"article-text\">\n<div class=\"item\">\n<div class=\"content\">\n<p><strong>Die 25-j\u00e4hrige M\u00fcnchnerin reiste um die Welt, kam zur\u00fcck \u2013 und schnappte sich die erste Wild Card f\u00fcr das Finale der Sch\u00f6nen M\u00fcnchnerin 2017.<\/strong><\/p>\n<\/div>\n<\/div>\n<\/div>\n<\/div>\n<div class=\"brick\" data-float=\"yes\" data-b-title=\"STD-R16 B Artikel Text (Abs. 2)\" data-layout-desktop=\"w12-c1-txt-if12-ia8-\" data-layout-tablet=\"w12-c1-txt-if12-ia12-\" data-layout-mobile=\"w12-c1-txt-if12-ia12-\" data-brickid=\"75ace390-2756-4471-a48e-3845b69d9c50\" data-depth=\"1\">\n<div class=\"article-text\">\n<div class=\"item\">\n<div class=\"content\">\n<p>Born in Seattle, USA, but raised in Neuhausen, M\u00fcnchen! Das ist Wild-Card-Gewinnerin Marcia Voss (25). Die Deutsch-Amerikanerin setzte sich auf der <a href=\"http:\/\/www.abendzeitung-muenchen.de\/inhalt.100-bewerberinnen-auf-dem-catwalk-schoene-muenchnerin-goes-secret-fashion-show.2a23a8ce-feeb-436e-b65e-f075f1880ddd.html\" target=\"_blank\" rel=\"noopener\">Secret Fashion Show<\/a> gegen\u00fcber 99 Konkurrentinnen durch und hat somit das erste von insgesamt zehn Tickets f\u00fcr das Finale der <a href=\"http:\/\/www.abendzeitung-muenchen.de\/schoene-muenchnerin\" target=\"_blank\" rel=\"noopener\">Sch\u00f6nen M\u00fcnchnerin<\/a> gel\u00f6st.<\/p>\n<\/div>\n<\/div>\n<\/div>\n<\/div>\n<div class=\"brick\" data-float=\"yes\" data-b-title=\"STD-R16 B Artikel Text (Abs. 3)\" data-layout-desktop=\"w12-c1-txt-if12-ia8-\" data-layout-tablet=\"w12-c1-txt-if12-ia12-\" data-layout-mobile=\"w12-c1-txt-if12-ia12-\" data-brickid=\"d3027cf7-6ece-4a52-be1e-891429dc9b1b\" data-depth=\"1\">\n<div class=\"article-text\">\n<div class=\"item\">\n<div class=\"content\">\n<p><img loading=\"lazy\" decoding=\"async\" class=\"size-medium wp-image-2028 alignleft\" src=\"http:\/\/mokkaspectrum.com\/wp-content\/uploads\/media.media_.25be525e-0f31-4995-b909-63248a2f03ee.original1024-200x300.png\" alt=\"\" width=\"200\" height=\"300\" srcset=\"https:\/\/jurus.net\/mokkaspectrum\/wp-content\/uploads\/media.media_.25be525e-0f31-4995-b909-63248a2f03ee.original1024-200x300.png 200w, https:\/\/jurus.net\/mokkaspectrum\/wp-content\/uploads\/media.media_.25be525e-0f31-4995-b909-63248a2f03ee.original1024.png 683w\" sizes=\"auto, (max-width: 200px) 100vw, 200px\" \/><img loading=\"lazy\" decoding=\"async\" class=\"wp-image-2031 size-medium alignright\" src=\"http:\/\/mokkaspectrum.com\/wp-content\/uploads\/media.media_.38078862-ff2c-47c7-a357-892b7b6c126e.original1024-200x300.jpg\" alt=\"\" width=\"200\" height=\"300\" srcset=\"https:\/\/jurus.net\/mokkaspectrum\/wp-content\/uploads\/media.media_.38078862-ff2c-47c7-a357-892b7b6c126e.original1024-200x300.jpg 200w, https:\/\/jurus.net\/mokkaspectrum\/wp-content\/uploads\/media.media_.38078862-ff2c-47c7-a357-892b7b6c126e.original1024.jpg 683w\" sizes=\"auto, (max-width: 200px) 100vw, 200px\" \/>Zwischen ihrem zweiten und 14. Lebensjahr wuchs Marcia in M\u00fcnchen auf. Doch die Welt ist gerade gro\u00df genug f\u00fcr sie. Gelebt und gemodelt hat sie schon in Australien, USA und Frankreich. Jetzt hei\u00dft es wieder: Back to the roots! Seit eineinhalb Jahren ist Marcia zur\u00fcck in ihrer Heimatstadt, absolviert ein Tontechnikstudium, ist gl\u00fccklich vergeben \u2013 und: m\u00f6chte bei der Sch\u00f6nen M\u00fcnchnerin zeigen, was sie drauf hat.<\/p>\n<\/div>\n<\/div>\n<\/div>\n<\/div>\n<div class=\"brick\" data-float=\"yes\" data-b-title=\"STD-R16 B Artikel Text (Abs. 4)\" data-layout-desktop=\"w12-c1-txt-if12-ia8-\" data-layout-tablet=\"w12-c1-txt-if12-ia12-\" data-layout-mobile=\"w12-c1-txt-if12-ia12-\" data-brickid=\"9fb3194f-bc15-4ccc-86df-7948bba81235\" data-depth=\"1\">\n<div class=\"article-text\">\n<div class=\"item\">\n<div class=\"content\">\n<p><strong>Hei\u00dfes zum Abk\u00fchlen: Das Shooting mit Marcia im Video:<\/strong><\/p>\n<h2 style=\"text-align: center;\"><strong>\u00a0<a href=\"https:\/\/vimeo.com\/223134101\">https:\/\/vimeo.com\/223134101<\/a><\/strong><\/h2>\n<\/div>\n<\/div>\n<\/div>\n<\/div>\n<div class=\"brick\" data-float=\"yes\" data-b-title=\"STD-R16 B Artikel Text (Abs. 5)\" data-layout-desktop=\"w12-c1-txt-if12-ia8-\" data-layout-tablet=\"w12-c1-txt-if12-ia12-\" data-layout-mobile=\"w12-c1-txt-if12-ia12-\" data-brickid=\"a84cceb0-5f9d-4f4a-92d2-6a0e62bdac8c\" data-depth=\"1\">\n<div class=\"article-text\">\n<div class=\"item\">\n<div class=\"content\">\n<p>Beim AZ-Shooting in der Innenstadt mit Fotograf Sigi M\u00fcller ist dem Team schnell klar: Hier steht eine junge Frau vor der Kamera, deren attraktive Ausstrahlung sich aus viel Pers\u00f6nlichem zusammensetzt. Ob im lichtverspielten Treppenhaus, zwischen Gr\u00fcnpflanzen am Stachus, oder an der S\u00e4ule eines Torbogens \u2013 es ist der unaufdringliche Charme der viel gereisten M\u00fcnchnerin, der den Fotos etwas Besonderes verleiht.<\/p>\n<\/div>\n<\/div>\n<\/div>\n<\/div>\n<div class=\"brick\" data-b-title=\"STD-R16 B Artikel Text (Rest)\" data-layout-desktop=\"w12-c1-txt-if12-ia8-\" data-layout-tablet=\"w12-c1-txt-if12-ia12-\" data-layout-mobile=\"w12-c1-txt-if12-ia12-\" data-brickid=\"1c9634c1-9c8a-4a45-9b76-1ce03928c53e\" data-depth=\"1\">\n<div class=\"article-text\">\n<div class=\"item\">\n<div class=\"content\">\n<p>Marcia ist professionell: Wie w\u00e4r\u2019s mit einem k\u00fchlen Shooting im Brunnen am Botanischen Garten? Auf Ansage des Fotografen ist die 1,78 Meter gro\u00dfe Sch\u00f6nheit schwuppdiwupp knietief im Wasser. Ihre Pr\u00e4senz: eine Wucht.<\/p>\n<p><img loading=\"lazy\" decoding=\"async\" class=\"\" src=\"http:\/\/www.abendzeitung-muenchen.de\/media.imagefile.3efaba44-01c7-4346-ad5b-9f06abe26702.original.media\" alt=\"\" width=\"774\" height=\"516\" \/><\/p>\n<p>Lady in red mit Tiefgang: Marcia posiert im lichtdurchfluteten Treppenhaus. Foto: Sigi M\u00fcller<\/p>\n<p><strong>Am Ende war es ein Plakat in einem AZ-Zeitungskasten,<\/strong> das Marcia auf die Sch\u00f6ne M\u00fcnchnerin aufmerksam machte. Seit sie wieder in der Stadt lebt, stand sie nicht mehr auf dem Laufsteg. Das Model-Kribbeln kam zur\u00fcck \u2013 und die h\u00fcbsche Neu- bzw. Alt-M\u00fcnchnerin, wie man\u2019s nimmt, hat sich beworben. &#8220;Das wird eh nix, dachte ich. Jetzt freue ich mich riesig, dass ich gleich im Finale dabei bin&#8221;, sagt die 25-J\u00e4hrige.<\/p>\n<p>Konstantin Gaitanides, Jurymitglied und Gesch\u00e4ftsf\u00fchrer von I.D. Riva, hatte bei seiner Entscheidung keinerlei Zweifel: &#8220;Marcia hat mich umgehauen. Sie war mit Abstand das au\u00dfergew\u00f6hnlichste Model auf der ganzen Secret Fashion Show. Sie hat es absolut verdient, sofort ins Finale zu kommen.&#8221; Das sehen wir auch so.<\/p>\n<p><em>Zehn schnelle Frage an Kandidatin Marcia Voss:<\/em><\/p>\n<h2>Caf\u00e9, Hund und Liquor pur<\/h2>\n<p><strong>1. Welcher ist dein Lieblingsclub in M\u00fcnchen?<\/strong><br \/>\nSunny Red im Feierwerk.<\/p>\n<p><strong>2. Bist du t\u00e4towiert? Oder m\u00f6chtest du dich t\u00e4towieren lassen?<\/strong><br \/>\nNein. Wenn, dann vielleicht mal mein Logo.<\/p>\n<p><strong>3. Wo findet man die h\u00fcbschesten M\u00e4nner in der Stadt?<\/strong><br \/>\nKeine Ahnung.<\/p>\n<p><strong>4. Eher Biergarten oder schickes Caf\u00e9 mit Dachterrasse?<\/strong><br \/>\nCaf\u00e9.<\/p>\n<p><strong>5. Lieber einen Hund oder eine Katze?<\/strong><br \/>\nIch habe einen Hund.<\/p>\n<p><strong>6. Was machst du an einem verregneten Sonntag?<\/strong><br \/>\nWenn ich kann, bleibe ich im Bett.<\/p>\n<p><strong>7. Vergeben oder Single?<\/strong><br \/>\nGl\u00fccklich vergeben.<\/p>\n<p><strong>8. Ein Ort auf der Welt, an den du gern reisen w\u00fcrdest und an dem du noch nicht warst?<\/strong><br \/>\nNepal.<\/p>\n<p><strong>9. Beim Weggehen eher Bier, Wein oder Cocktails?<\/strong><br \/>\nLiquor pur.<\/p>\n<p><strong>10. Im Couch-Schlabberlook vor die T\u00fcr: &#8220;Na, klar&#8221; \u2013 oder &#8220;Geht gar nicht&#8221;?<\/strong><br \/>\nKlar.<\/p>\n<p style=\"text-align: left;\"><img loading=\"lazy\" decoding=\"async\" class=\"alignnone\" src=\"http:\/\/www.abendzeitung-muenchen.de\/media.imagefile.1e40e90b-1712-40c9-8400-785cb992cb89.original.media\" alt=\"\" width=\"585\" height=\"878\" \/><br \/>\nMarcia schenkt dem AZ-Fotografen ihren durchdringenden Blick. Foto: Sigi M\u00fcller<\/p>\n<\/div>\n<\/div>\n<\/div>\n<\/div>\n<\/div>\n<\/div>\n<\/div>\n<\/div>\n<\/div>\n<\/div>\n<\/div>\n<\/div>\n<\/div>\n","protected":false},"excerpt":{"rendered":"<p>Erste Wild-Card-Gewinnerin Video: Back to the roots mit Marcia (25) Gabriel Flister,\u00a0 25.06.2017 &#8211; 16:16 Uhr Die 25-j\u00e4hrige M\u00fcnchnerin reiste um die Welt, kam zur\u00fcck \u2013 und schnappte sich die [&hellip;]<\/p>\n","protected":false},"author":1,"featured_media":2016,"comment_status":"closed","ping_status":"closed","sticky":false,"template":"","format":"standard","meta":{"footnotes":""},"categories":[40,20],"tags":[],"class_list":["post-2015","post","type-post","status-publish","format-standard","has-post-thumbnail","hentry","category-model","category-news"],"_links":{"self":[{"href":"https:\/\/jurus.net\/mokkaspectrum\/wp-json\/wp\/v2\/posts\/2015","targetHints":{"allow":["GET"]}}],"collection":[{"href":"https:\/\/jurus.net\/mokkaspectrum\/wp-json\/wp\/v2\/posts"}],"about":[{"href":"https:\/\/jurus.net\/mokkaspectrum\/wp-json\/wp\/v2\/types\/post"}],"author":[{"embeddable":true,"href":"https:\/\/jurus.net\/mokkaspectrum\/wp-json\/wp\/v2\/users\/1"}],"replies":[{"embeddable":true,"href":"https:\/\/jurus.net\/mokkaspectrum\/wp-json\/wp\/v2\/comments?post=2015"}],"version-history":[{"count":0,"href":"https:\/\/jurus.net\/mokkaspectrum\/wp-json\/wp\/v2\/posts\/2015\/revisions"}],"wp:featuredmedia":[{"embeddable":true,"href":"https:\/\/jurus.net\/mokkaspectrum\/wp-json\/wp\/v2\/media\/2016"}],"wp:attachment":[{"href":"https:\/\/jurus.net\/mokkaspectrum\/wp-json\/wp\/v2\/media?parent=2015"}],"wp:term":[{"taxonomy":"category","embeddable":true,"href":"https:\/\/jurus.net\/mokkaspectrum\/wp-json\/wp\/v2\/categories?post=2015"},{"taxonomy":"post_tag","embeddable":true,"href":"https:\/\/jurus.net\/mokkaspectrum\/wp-json\/wp\/v2\/tags?post=2015"}],"curies":[{"name":"wp","href":"https:\/\/api.w.org\/{rel}","templated":true}]}}